{"id":2207,"date":"2020-03-16T13:05:51","date_gmt":"2020-03-16T12:05:51","guid":{"rendered":"http:\/\/pzk.ovh\/?p=2207"},"modified":"2021-01-23T19:34:32","modified_gmt":"2021-01-23T18:34:32","slug":"komunikat-prezesa-pzk-w-zwiazku-z-obecna-sytuacja-sanitarno-epidemiologiczna","status":"publish","type":"post","link":"https:\/\/pzk.ovh\/?p=2207","title":{"rendered":"Komunikat Prezesa PZK w zwi\u0105zku z obecn\u0105 sytuacj\u0105 sanitarno-epidemiologiczn\u0105."},"content":{"rendered":"\n<p> Wobec aktualnej sytuacji  sanitarno-epidemiologicznej w kraju i zarz\u0105dze\u0144 w\u0142adz  administracyjnych\/samorz\u0105dowych, Prezydium Zarz\u0105du G\u0142\u00f3wnego Polskiego  Zwi\u0105zku Kr\u00f3tkofalowc\u00f3w informuje:<\/p>\n\n\n\n<p><br>1. Posiedzenie Prezydium ZG PZK odb\u0119dzie si\u0119 planowo 28 marca 2020 r. w Bydgoszczy.<br>2.  Termin posiedzenia Zarz\u0105du G\u0142\u00f3wnego PZK, planowany na 18 kwietnia br.&nbsp;  mo\u017ce ulec zmianie w zale\u017cno\u015bci od rozwoju sytuacji i dalszych  rozporz\u0105dze\u0144 w\u0142adz. 3. Krajowy Zjazd  Delegat\u00f3w PZK, planowany na czerwiec br. &#8211; nie odb\u0119dzie si\u0119 w tym  terminie. Termin KZD PZK 2020 zostanie ustalony w ci\u0105gu najbli\u017cszych  tygodni na jesie\u0144 2020.<br>4. Terminy Walnych  Zebra\u0144 Oddzia\u0142\u00f3w Terenowych (sprawozdawcze, sprawozdawczo-wyborcze,  wyboru delegat\u00f3w na KZD) le\u017c\u0105 w gestii Zarz\u0105d\u00f3w OT. Zaleca si\u0119  od\u0142o\u017cenie\/przeniesienie Walnych Zebra\u0144 na p\u00f3\u017aniejsze terminy i  bezwzgl\u0119dne stosowanie si\u0119 do aktualnych zalece\u0144 i rozporz\u0105dze\u0144 w\u0142adz  administracji, szczeg\u00f3lnie w odniesieniu do ograniczenia maksymalnej  liczby uczestnik\u00f3w zgromadze\u0144 (50 os\u00f3b).<br>5.  Zaleca si\u0119 odwo\u0142anie\/prze\u0142o\u017cenie planowanych spotka\u0144 oddzia\u0142owych,  ograniczenie spotka\u0144 klubowych, ekspedycji radiowych i wyjazd\u00f3w. 6. Udzia\u0142 delegacji PZK w targach Ham Radio 2020 we Friedrichshafen zostaje odwo\u0142any.<br>7.  Termin og\u00f3lnopolskiego spotkania kr\u00f3tkofalowc\u00f3w \u0141O\u015a 2020, ustalony na  28-31 maja br. mo\u017ce zosta\u0107 odwo\u0142any &#8211; ostateczna decyzja organizator\u00f3w  uzale\u017cniona jest od bie\u017c\u0105cej sytuacji. Prosimy o monitorowanie strony  www.losnapograniczu.pl oraz \u015bledzenie Komunikat\u00f3w PZK i Portalu PZK.<br>8.  Prosimy o stosowanie si\u0119 do zalece\u0144 SP EmCom Club podanych w  komunikacie zarz\u0105du klubu: https:\/\/pzk.org.pl\/news.php?readmore=4628<\/p>\n\n\n\n<p> Kole\u017canki i Koledzy, <\/p>\n\n\n\n<ul class=\"wp-block-list\"><li>pami\u0119tajmy  o zachowaniu zdrowego rozs\u0105dku, przestrzeganiu zalece\u0144 w\u0142adz  administracyjnych i stosowaniu podstawowych zasad bezpiecze\u0144stwa i  higieny, <\/li><li>ograniczmy na jaki\u015b czas bezpo\u015brednie kontakty towarzyskie\/kr\u00f3tkofalarskie, <\/li><li>bez ogranicze\u0144 mo\u017cemy bra\u0107 udzia\u0142 w zawodach (SP DX Contest!), aktywno\u015bciach radiowych i konstrukcyjnych,<\/li><li> nie wpadajmy w panik\u0119! Skontaktujmy si\u0119 z lokaln\u0105 sieci\u0105 \u0142\u0105czno\u015bci ratunkowej\/kryzysowej i sprawd\u017amy, jak mo\u017cemy pom\u00f3c.<\/li><\/ul>\n\n\n\n<p>73!<br>Waldemar Sznajder, <em><strong>3Z6AEF<\/strong><\/em><br>Prezes PZK\n\n<\/p>\n","protected":false},"excerpt":{"rendered":"<p>Wobec aktualnej sytuacji sanitarno-epidemiologicznej w kraju i zarz\u0105dze\u0144 w\u0142adz administracyjnych\/samorz\u0105dowych, Prezydium Zarz\u0105du G\u0142\u00f3wnego Polskiego Zwi\u0105zku Kr\u00f3tkofalowc\u00f3w informuje: 1. Posiedzenie Prezydium ZG PZK odb\u0119dzie si\u0119 planowo 28 marca 2020 r. w Bydgoszczy.2. Termin posiedzenia Zarz\u0105du G\u0142\u00f3wnego PZK, planowany na 18 kwietnia br.&nbsp; mo\u017ce ulec zmianie w zale\u017cno\u015bci od rozwoju sytuacji i dalszych rozporz\u0105dze\u0144 w\u0142adz. 3. Krajowy [&hellip;]<\/p>\n","protected":false},"author":2,"featured_media":2209,"comment_status":"closed","ping_status":"closed","sticky":false,"template":"","format":"standard","meta":{"_uag_custom_page_level_css":"","_themeisle_gutenberg_block_has_review":false,"_jetpack_memberships_contains_paid_content":false,"footnotes":""},"categories":[16],"tags":[],"class_list":["post-2207","post","type-post","status-publish","format-standard","has-post-thumbnail","hentry","category-oddzial-50"],"jetpack_featured_media_url":"https:\/\/pzk.ovh\/wp-content\/uploads\/2020\/03\/kelly-sikkema-V_-vbcHMATA-unsplash-scaled.jpg","uagb_featured_image_src":{"full":["https:\/\/pzk.ovh\/wp-content\/uploads\/2020\/03\/kelly-sikkema-V_-vbcHMATA-unsplash-scaled.jpg",2560,2045,false],"thumbnail":["https:\/\/pzk.ovh\/wp-content\/uploads\/2020\/03\/kelly-sikkema-V_-vbcHMATA-unsplash-scaled-150x150.jpg",150,150,true],"medium":["https:\/\/pzk.ovh\/wp-content\/uploads\/2020\/03\/kelly-sikkema-V_-vbcHMATA-unsplash-scaled-300x240.jpg",300,240,true],"medium_large":["https:\/\/pzk.ovh\/wp-content\/uploads\/2020\/03\/kelly-sikkema-V_-vbcHMATA-unsplash-scaled-768x614.jpg",768,614,true],"large":["https:\/\/pzk.ovh\/wp-content\/uploads\/2020\/03\/kelly-sikkema-V_-vbcHMATA-unsplash-scaled-1024x818.jpg",1024,818,true],"1536x1536":["https:\/\/pzk.ovh\/wp-content\/uploads\/2020\/03\/kelly-sikkema-V_-vbcHMATA-unsplash-scaled-1536x1227.jpg",1536,1227,true],"2048x2048":["https:\/\/pzk.ovh\/wp-content\/uploads\/2020\/03\/kelly-sikkema-V_-vbcHMATA-unsplash-scaled-2048x1636.jpg",2048,1636,true]},"uagb_author_info":{"display_name":"MAc B.","author_link":"https:\/\/pzk.ovh\/?author=2"},"uagb_comment_info":0,"uagb_excerpt":"Wobec aktualnej sytuacji sanitarno-epidemiologicznej w kraju i zarz\u0105dze\u0144 w\u0142adz administracyjnych\/samorz\u0105dowych, Prezydium Zarz\u0105du G\u0142\u00f3wnego Polskiego Zwi\u0105zku Kr\u00f3tkofalowc\u00f3w informuje: 1. Posiedzenie Prezydium ZG PZK odb\u0119dzie si\u0119 planowo 28 marca 2020 r. w Bydgoszczy.2. Termin posiedzenia Zarz\u0105du G\u0142\u00f3wnego PZK, planowany na 18 kwietnia br.&nbsp; mo\u017ce ulec zmianie w zale\u017cno\u015bci od rozwoju sytuacji i dalszych rozporz\u0105dze\u0144 w\u0142adz. 3. Krajowy&hellip;","jetpack_sharing_enabled":true,"_links":{"self":[{"href":"https:\/\/pzk.ovh\/index.php?rest_route=\/wp\/v2\/posts\/2207","targetHints":{"allow":["GET"]}}],"collection":[{"href":"https:\/\/pzk.ovh\/index.php?rest_route=\/wp\/v2\/posts"}],"about":[{"href":"https:\/\/pzk.ovh\/index.php?rest_route=\/wp\/v2\/types\/post"}],"author":[{"embeddable":true,"href":"https:\/\/pzk.ovh\/index.php?rest_route=\/wp\/v2\/users\/2"}],"replies":[{"embeddable":true,"href":"https:\/\/pzk.ovh\/index.php?rest_route=%2Fwp%2Fv2%2Fcomments&post=2207"}],"version-history":[{"count":2,"href":"https:\/\/pzk.ovh\/index.php?rest_route=\/wp\/v2\/posts\/2207\/revisions"}],"predecessor-version":[{"id":2210,"href":"https:\/\/pzk.ovh\/index.php?rest_route=\/wp\/v2\/posts\/2207\/revisions\/2210"}],"wp:featuredmedia":[{"embeddable":true,"href":"https:\/\/pzk.ovh\/index.php?rest_route=\/wp\/v2\/media\/2209"}],"wp:attachment":[{"href":"https:\/\/pzk.ovh\/index.php?rest_route=%2Fwp%2Fv2%2Fmedia&parent=2207"}],"wp:term":[{"taxonomy":"category","embeddable":true,"href":"https:\/\/pzk.ovh\/index.php?rest_route=%2Fwp%2Fv2%2Fcategories&post=2207"},{"taxonomy":"post_tag","embeddable":true,"href":"https:\/\/pzk.ovh\/index.php?rest_route=%2Fwp%2Fv2%2Ftags&post=2207"}],"curies":[{"name":"wp","href":"https:\/\/api.w.org\/{rel}","templated":true}]}}